{"id":1555,"date":"2026-04-26T15:00:32","date_gmt":"2026-04-26T13:00:32","guid":{"rendered":"https:\/\/singlebuure.ch\/magazin\/?p=1555"},"modified":"2026-04-26T15:00:33","modified_gmt":"2026-04-26T13:00:33","slug":"thomas-sabrina-bauer-ledig-sucht-staffel-15","status":"publish","type":"post","link":"https:\/\/singlebuure.ch\/magazin\/bauer-ledig-sucht\/thomas-sabrina-bauer-ledig-sucht-staffel-15\/","title":{"rendered":"Thomas und Sabrina von Bauer ledig sucht: Was wurde aus dem Traumpaar?"},"content":{"rendered":"<p style=\"font-size:12px; color:#999;\">Foto: 3+ \/ CH Media<\/p>\n<p><strong>Thomas und Sabrina geh\u00f6ren zu den Paaren aus Bauer ledig sucht, \u00fcber die man noch Jahre sp\u00e4ter redet. Kennengelernt 2019 in Staffel 15, verlobt nach vier Monaten \u2014 und dann kam das Leben dazwischen. Was wurde aus den beiden?<\/strong><\/p>\n<h2><a href=\"\/magazin\/category\/bauer-ledig-sucht\/\">Bauer ledig sucht<\/a>: Thomas und Sabrina<\/h2>\n<p>Thomas und Sabrina lernten sich im Sommer 2019 in <a href=\"\/magazin\/bauer-ledig-sucht\/bauer-ledig-sucht-staffel-15-paare-zusammen\/\">Staffel 15 von Bauer ledig sucht<\/a> kennen. Thomas ist Schweinliwirt aus dem Kanton Luzern, sein Hof liegt am Sempachersee. Sabrina war vor der Sendung als Miss-Schweiz-Kandidatin bekannt und arbeitete als medizinische Praxisassistentin. Auf dem Land hatte sie sich schon l\u00e4nger etwas vorstellen k\u00f6nnen. Die Bekanntschaften im Rahmen der Sendung haben das in die Tat umgesetzt.<\/p>\n<h3>Heiratsantrag nach vier Monaten<\/h3>\n<p>Thomas h\u00e4lt auf seinem Hof rund 200 Schweine. Sabrina unterrichtet Zumba. Irgendwie hat das funktioniert. Schon nach vier Monaten hielt Thomas bei Sabrina um ihre Hand an \u2014 die Fans von Bauer ledig sucht haben das geliebt. Sabrina sagte ja, zog auf den Hof, und die beiden planten eine Hochzeit mit 30 G\u00e4sten. Dann kam M\u00e4rz 2020.<\/p>\n<h3>Hochzeit im Lockdown<\/h3>\n<p>Am 1. Mai 2020 heirateten Thomas und Sabrina auf dem Standesamt \u2014 ohne die geplante Feier, ohne die 30 G\u00e4ste. Corona hatte das verhindert. Freunde und Familie stellten sich trotzdem spontan vor dem Gemeindehaus auf. Und Sabrinas Brautkleid? Kam wegen Lieferproblemen nicht rechtzeitig an. Sie fand kurzfristig ein Occasion-Kleid online. Die Hochzeitsringe liessen die beiden bei einem Goldschmied anfertigen: f\u00fcr Sabrina mit Prinzessschnitt, f\u00fcr Thomas schlichter. Hat alles geklappt.<\/p>\n<h3>Was danach kam<\/h3>\n<p>Kurz nach der Hochzeit erlitt Sabrina eine Fehlgeburt. Im Juni 2021 verloren Thomas und Sabrina Zwillinge \u2014 in der neunten Woche. Es war ihr dritter Verlust. Sabrina hat seitdem drei Sterne auf den linken Arm t\u00e4towiert: &#171;dort, wo das Herz ist, weil sie immer in meinem Herzen sind.&#187; Thomas wollte schon immer Kinder \u2014 am liebsten sechs. Sabrina eher ein bis zwei. Aufgegeben haben sie nicht. &#171;Vielleicht haben wir irgendwann ein Baby. Wir tun unser Bestes&#187;, so Sabrina.<\/p>\n<h3>Thomas und Sabrina heute<\/h3>\n<p>Thomas und Sabrina leben zusammen auf dem Hof am Sempachersee. Sabrina gibt weiterhin Zumba-Stunden, Thomas bewirtschaftet den Hof. Bekanntschaften wie ihre zeigen, dass Bauer ledig sucht manchmal echte Paare hervorbringt \u2014 nicht nur TV-Momente.<\/p>\n<div style=\"background:#2d8a4e; color:#fff; padding:20px; text-align:center; border-radius:8px; margin:20px 0;\">\n  <a href=\"https:\/\/singlebuure.ch\/\" style=\"color:#fff; text-decoration:none;\"><strong>Bekanntschaften aus der Schweiz auf Singlebuure finden \u2192<\/strong><\/a>\n<\/div>\n\n<details>\n<summary>Wann haben Thomas und Sabrina geheiratet?<\/summary>\n<p>Thomas und Sabrina heirateten am 1. Mai 2020, mitten im Lockdown. Die geplante Feier mit 30 G\u00e4sten fiel aus.<\/details>\n<details>\n<summary>Sind Thomas und Sabrina von Bauer ledig sucht noch zusammen?<\/summary>\n<p>Ja. Sie leben zusammen auf dem Hof in Luzern.<\/details>\n<details>\n<summary>Was macht Thomas aus Bauer ledig sucht?<\/summary>\n<p>Thomas ist Schweinliwirt und betreibt seinen Hof am Sempachersee im Kanton Luzern.<\/details>\n<p style=\"font-size:12px;\">Bildquelle: <a rel=\"nofollow\" href=\"https:\/\/www.3plus.ch\/\">3+<\/a><\/p>\n","protected":false},"excerpt":{"rendered":"<p>Foto: 3+ \/ CH Media Thomas und Sabrina geh\u00f6ren zu den Paaren aus Bauer ledig sucht, \u00fcber die man noch<\/p>\n","protected":false},"author":2,"featured_media":1554,"comment_status":"closed","ping_status":"open","sticky":false,"template":"","format":"standard","meta":{"footnotes":""},"categories":[1],"tags":[162,47,22,92,81,208,207],"class_list":["post-1555","post","type-post","status-publish","format-standard","has-post-thumbnail","hentry","category-bauer-ledig-sucht","tag-3plus","tag-bauer-ledig-sucht","tag-bekanntschaften","tag-paar","tag-partnerschaft","tag-sabrina-bls","tag-thomas-bls","comments-off"],"aioseo_notices":[],"_links":{"self":[{"href":"https:\/\/singlebuure.ch\/magazin\/wp-json\/wp\/v2\/posts\/1555","targetHints":{"allow":["GET"]}}],"collection":[{"href":"https:\/\/singlebuure.ch\/magazin\/wp-json\/wp\/v2\/posts"}],"about":[{"href":"https:\/\/singlebuure.ch\/magazin\/wp-json\/wp\/v2\/types\/post"}],"author":[{"embeddable":true,"href":"https:\/\/singlebuure.ch\/magazin\/wp-json\/wp\/v2\/users\/2"}],"replies":[{"embeddable":true,"href":"https:\/\/singlebuure.ch\/magazin\/wp-json\/wp\/v2\/comments?post=1555"}],"version-history":[{"count":1,"href":"https:\/\/singlebuure.ch\/magazin\/wp-json\/wp\/v2\/posts\/1555\/revisions"}],"predecessor-version":[{"id":1556,"href":"https:\/\/singlebuure.ch\/magazin\/wp-json\/wp\/v2\/posts\/1555\/revisions\/1556"}],"wp:featuredmedia":[{"embeddable":true,"href":"https:\/\/singlebuure.ch\/magazin\/wp-json\/wp\/v2\/media\/1554"}],"wp:attachment":[{"href":"https:\/\/singlebuure.ch\/magazin\/wp-json\/wp\/v2\/media?parent=1555"}],"wp:term":[{"taxonomy":"category","embeddable":true,"href":"https:\/\/singlebuure.ch\/magazin\/wp-json\/wp\/v2\/categories?post=1555"},{"taxonomy":"post_tag","embeddable":true,"href":"https:\/\/singlebuure.ch\/magazin\/wp-json\/wp\/v2\/tags?post=1555"}],"curies":[{"name":"wp","href":"https:\/\/api.w.org\/{rel}","templated":true}]}}